{"id":18313,"date":"2025-12-15T12:08:54","date_gmt":"2025-12-15T11:08:54","guid":{"rendered":"https:\/\/www.camping-var-ramatuelle.com\/non-categorizzato\/le-10-spiagge-piu-belle-del-var\/"},"modified":"2025-12-15T12:08:56","modified_gmt":"2025-12-15T11:08:56","slug":"le-10-spiagge-piu-belle-del-var","status":"publish","type":"post","link":"https:\/\/www.camping-var-ramatuelle.com\/it\/notizie\/le-10-spiagge-piu-belle-del-var\/","title":{"rendered":"Le 10 spiagge pi\u00f9 belle del Var"},"content":{"rendered":"<section id=\"ls-section-block_b9f3e1cba8d068f83413beb031498aac\" class=\"ls-section \" >\n        <div class=\"container \">\n        \n\n<p class=\"ls-paragraph has-text-align-center\">Le <strong>spiagge della costa del Var<\/strong> sono tra le pi\u00f9 famose d&#8217;Europa. Alcune sono diventate famose grazie alle riprese cinematografiche, mentre altre sono rimaste incontaminate e naturali.<br\/>Sabbia fine, ciottoli, pinete, scogliere scoscese&#8230; la diversit\u00e0 dei paesaggi di queste spiagge sono tutti motivi per scoprirne diverse con la famiglia durante le vacanze.<br\/>Ecco una selezione delle <strong>10 spiagge pi\u00f9 belle del Var<\/strong>, vicino al nostro <a href=\"\/\">campeggio a Ramatuelle<\/a>. <\/p>\n\n\n    <\/div>\n<\/section>\n<div class=\"wp-block-columns m-t-10 is-layout-flex wp-container-core-columns-is-layout-1 wp-block-columns-is-layout-flex\">\n<div class=\"wp-block-column is-vertically-aligned-center mozaique is-layout-flow wp-block-column-is-layout-flow\" style=\"flex-basis:60%\">\n<figure class=\"wp-block-image size-full is-style-default\"><img decoding=\"async\" width=\"1024\" height=\"685\" src=\"https:\/\/www.camping-var-ramatuelle.com\/wp-content\/uploads\/2024\/10\/ile-des-embiez.jpg\" alt=\"\" class=\"wp-image-17276\" srcset=\"https:\/\/www.camping-var-ramatuelle.com\/wp-content\/uploads\/2024\/10\/ile-des-embiez.jpg 1024w, https:\/\/www.camping-var-ramatuelle.com\/wp-content\/uploads\/2024\/10\/ile-des-embiez-300x201.jpg 300w, https:\/\/www.camping-var-ramatuelle.com\/wp-content\/uploads\/2024\/10\/ile-des-embiez-768x514.jpg 768w\" sizes=\"(max-width: 1024px) 100vw, 1024px\" \/><\/figure>\n<\/div>\n\n\n\n<div class=\"wp-block-column is-vertically-aligned-center is-layout-flow wp-block-column-is-layout-flow\" style=\"flex-basis:40%\">\n<h2 class=\"ls__heading wp-block-heading has-text-align-center has-color-1-color has-text-color\" id=\"le-village-authentique-de-ramatuelle\">Spiaggia Notre-Dame a Porquerolles<\/h2>\n\n\n\n<p class=\"ls-paragraph\">La <strong>spiaggia di Notre-Dame<\/strong>, recentemente incoronata la pi\u00f9 bella spiaggia d&#8217;Europa da European Best Destination, \u00e8 un tesoro nascosto. Per chi non ha ancora scoperto Porquerolles e le Isole d&#8217;Oro, questa \u00e8 una destinazione da non perdere nel Var, durante il tuo soggiorno nel nostro <a href=\"https:\/\/www.camping-var-ramatuelle.com\/it\/vacanze-var\/campeggio-porquerolles\/\">campeggio vicino a Porquerolles<\/a>.<br\/>L&#8217;isola \u00e8 <strong>incontaminata<\/strong>, con spiagge magnifiche.<br\/>Acque azzurre mozzafiato, foreste di pini, il canto delle cicale, il profumo dell&#8217;eucalipto e della mimosa&#8230; ecco solo un assaggio di ci\u00f2 che ti aspetta su questa <strong>spiaggia del Var<\/strong>.<br\/>Un vero e proprio invito alla fuga! <\/p>\n\n\n\n<h2 class=\"ls__heading wp-block-heading has-color-1-color has-text-color has-link-color wp-elements-97d841b65475a9de4629f0a005ee9a2b\">Spiaggia di Le Rix, sull&#8217;isola di Les Embiez<\/h2>\n\n\n\n<p class=\"ls-paragraph\">L<strong>&#8216;Ile des Embiez<\/strong> \u00e8 un&#8217;<strong>oasi di pace<\/strong> davvero <strong>incontaminata<\/strong>. Raggiungibile in barca da Le Brusc a Six-Fours-les-Plages, questa splendida isola della Costa Azzurra affascina i visitatori con i suoi paesaggi selvaggi.<br\/>Mentre le sue spiagge, come la famosa <strong>Plage des Allemands<\/strong>, attirano i visitatori, la pi\u00f9 discreta e di difficile accesso Plage du Rix si distingue per la sua singolare bellezza.<br\/>\u00c8 molto apprezzata per il suo ambiente unico e tranquillo. <\/p>\n<\/div>\n<\/div>\n\n<div class=\"wp-block-columns m-t-10 is-layout-flex wp-container-core-columns-is-layout-4 wp-block-columns-is-layout-flex\">\n<div class=\"wp-block-column is-vertically-aligned-center is-layout-flow wp-block-column-is-layout-flow\" style=\"flex-basis:40%\">\n<h2 class=\"ls__heading wp-block-heading has-text-align-center has-color-1-color has-text-color\" id=\"les-plages-de-ramatuelle\">Spiaggia di Saint-Clair a Le Lavandou<\/h2>\n\n\n\n<p class=\"ls-paragraph\">Adagiata ai piedi di una collina ricoperta di pini, questa <strong>spiaggia Var<\/strong> \u00e8 un <strong>gioiello turchese<\/strong> circondato dal verde. Il sentiero costiero \u00e8 il modo ideale per raggiungerla, quindi preparati a una passeggiata di 20 minuti in un ambiente eccezionale.<br\/>L&#8217;acqua \u00e8 straordinariamente limpida, quindi puoi osservare il fondale senza bagnarti, direttamente dal sentiero.<br\/>Mentre in alta stagione ci sono molti visitatori, in primavera e in autunno questo luogo della Provenza si trasforma in un&#8217;<strong>oasi di pace<\/strong>. <\/p>\n\n\n\n<h2 class=\"ls__heading wp-block-heading has-text-align-center has-color-1-color has-text-color has-link-color wp-elements-59b117b8866ba3b1f165588615daa54a\">Spiaggia di Argent, Porquerolles<\/h2>\n\n\n\n<p class=\"ls-paragraph\">Porquerolles \u00e8 sicuramente un luogo pieno di fascino&#8230; Oltre a Plage Notre-Dame, c&#8217;\u00e8 un&#8217;altra spiaggia altrettanto splendida per gli amanti del mare e della tintarella nel Var: <strong>Plage d&#8217;Argent<\/strong>. Anche se attira pi\u00f9 persone, la sua bellezza rimane incontaminata.<br\/>L&#8217;accesso via mare \u00e8 eccezionale. Tuttavia, anche arrivare per sentiero, con la pineta che si apre sulla spiaggia, \u00e8 una piacevole sorpresa e le doghe di legno sul sentiero aggiungono un tocco di evasione.  <\/p>\n<\/div>\n\n\n\n<div class=\"wp-block-column is-vertically-aligned-center mozaique is-layout-flow wp-block-column-is-layout-flow\" style=\"flex-basis:60%\">\n<div class=\"wp-block-columns is-layout-flex wp-container-core-columns-is-layout-2 wp-block-columns-is-layout-flex\">\n<div class=\"wp-block-column is-layout-flow wp-block-column-is-layout-flow\" style=\"flex-basis:66.66%\">\n<figure class=\"wp-block-image size-large\"><a href=\"https:\/\/www.camping-var-ramatuelle.com\/wp-content\/uploads\/2022\/01\/camping-vacances-ramatuelle-1024x683.jpg\"><img decoding=\"async\" width=\"1024\" height=\"683\" src=\"https:\/\/www.camping-var-ramatuelle.com\/wp-content\/uploads\/2022\/01\/camping-vacances-ramatuelle-1024x683.jpg\" alt=\"spiaggia di ramatuelle\" class=\"wp-image-1437\" srcset=\"https:\/\/www.camping-var-ramatuelle.com\/wp-content\/uploads\/2022\/01\/camping-vacances-ramatuelle-1024x683.jpg 1024w, https:\/\/www.camping-var-ramatuelle.com\/wp-content\/uploads\/2022\/01\/camping-vacances-ramatuelle-300x200.jpg 300w, https:\/\/www.camping-var-ramatuelle.com\/wp-content\/uploads\/2022\/01\/camping-vacances-ramatuelle-768x512.jpg 768w, https:\/\/www.camping-var-ramatuelle.com\/wp-content\/uploads\/2022\/01\/camping-vacances-ramatuelle.jpg 1200w\" sizes=\"(max-width: 1024px) 100vw, 1024px\" \/><\/a><\/figure>\n<\/div>\n\n\n\n<div class=\"wp-block-column is-layout-flow wp-block-column-is-layout-flow\" style=\"flex-basis:33.33%\">\n<figure class=\"wp-block-image size-large\"><a href=\"https:\/\/www.camping-var-ramatuelle.com\/wp-content\/uploads\/2022\/01\/camping-alentours-ramatuelle-1024x683.jpg\"><img decoding=\"async\" width=\"1024\" height=\"683\" src=\"https:\/\/www.camping-var-ramatuelle.com\/wp-content\/uploads\/2022\/01\/camping-alentours-ramatuelle-1024x683.jpg\" alt=\"visitare Ramatuelle\" class=\"wp-image-1336\" srcset=\"https:\/\/www.camping-var-ramatuelle.com\/wp-content\/uploads\/2022\/01\/camping-alentours-ramatuelle-1024x683.jpg 1024w, https:\/\/www.camping-var-ramatuelle.com\/wp-content\/uploads\/2022\/01\/camping-alentours-ramatuelle-300x200.jpg 300w, https:\/\/www.camping-var-ramatuelle.com\/wp-content\/uploads\/2022\/01\/camping-alentours-ramatuelle-768x512.jpg 768w, https:\/\/www.camping-var-ramatuelle.com\/wp-content\/uploads\/2022\/01\/camping-alentours-ramatuelle.jpg 1200w\" sizes=\"(max-width: 1024px) 100vw, 1024px\" \/><\/a><\/figure>\n<\/div>\n<\/div>\n\n\n\n<div class=\"wp-block-columns is-layout-flex wp-container-core-columns-is-layout-3 wp-block-columns-is-layout-flex\">\n<div class=\"wp-block-column is-layout-flow wp-block-column-is-layout-flow\" style=\"flex-basis:40%\">\n<figure class=\"wp-block-image size-large\"><a href=\"https:\/\/www.camping-var-ramatuelle.com\/wp-content\/uploads\/2022\/01\/camping-paysage-magnifique-var-1024x683.jpg\"><img decoding=\"async\" width=\"1024\" height=\"683\" src=\"https:\/\/www.camping-var-ramatuelle.com\/wp-content\/uploads\/2022\/01\/camping-paysage-magnifique-var-1024x683.jpg\" alt=\"vigneto ramatuelle\" class=\"wp-image-1340\" srcset=\"https:\/\/www.camping-var-ramatuelle.com\/wp-content\/uploads\/2022\/01\/camping-paysage-magnifique-var-1024x683.jpg 1024w, https:\/\/www.camping-var-ramatuelle.com\/wp-content\/uploads\/2022\/01\/camping-paysage-magnifique-var-300x200.jpg 300w, https:\/\/www.camping-var-ramatuelle.com\/wp-content\/uploads\/2022\/01\/camping-paysage-magnifique-var-768x512.jpg 768w, https:\/\/www.camping-var-ramatuelle.com\/wp-content\/uploads\/2022\/01\/camping-paysage-magnifique-var.jpg 1200w\" sizes=\"(max-width: 1024px) 100vw, 1024px\" \/><\/a><\/figure>\n<\/div>\n\n\n\n<div class=\"wp-block-column is-layout-flow wp-block-column-is-layout-flow\" style=\"flex-basis:60%\">\n<figure class=\"wp-block-image size-large\"><a href=\"https:\/\/www.camping-var-ramatuelle.com\/wp-content\/uploads\/2022\/01\/camping-paysage-magnifique-ramatuelle-1024x683.jpg\"><img decoding=\"async\" width=\"1024\" height=\"683\" src=\"https:\/\/www.camping-var-ramatuelle.com\/wp-content\/uploads\/2022\/01\/camping-paysage-magnifique-ramatuelle-1024x683.jpg\" alt=\"spiaggia di ramatuelle\" class=\"wp-image-1338\" srcset=\"https:\/\/www.camping-var-ramatuelle.com\/wp-content\/uploads\/2022\/01\/camping-paysage-magnifique-ramatuelle-1024x683.jpg 1024w, https:\/\/www.camping-var-ramatuelle.com\/wp-content\/uploads\/2022\/01\/camping-paysage-magnifique-ramatuelle-300x200.jpg 300w, https:\/\/www.camping-var-ramatuelle.com\/wp-content\/uploads\/2022\/01\/camping-paysage-magnifique-ramatuelle-768x512.jpg 768w, https:\/\/www.camping-var-ramatuelle.com\/wp-content\/uploads\/2022\/01\/camping-paysage-magnifique-ramatuelle.jpg 1200w\" sizes=\"(max-width: 1024px) 100vw, 1024px\" \/><\/a><\/figure>\n<\/div>\n<\/div>\n<\/div>\n<\/div>\n<section id=\"ls-section-block_cc35d03a72c50c547c72bacf81b08d27\" class=\"ls-section  has-p-t p-t-0\" >\n        <div class=\"container container--wide\">\n        \n\n<div class=\"wp-block-columns m-t-10 is-layout-flex wp-container-core-columns-is-layout-5 wp-block-columns-is-layout-flex\">\n<div class=\"wp-block-column is-vertically-aligned-center mozaique is-layout-flow wp-block-column-is-layout-flow\" style=\"flex-basis:60%\">\n<figure class=\"wp-block-image size-full\"><img decoding=\"async\" width=\"1024\" height=\"685\" src=\"https:\/\/www.camping-var-ramatuelle.com\/wp-content\/uploads\/2024\/10\/anse-toulon.jpg\" alt=\"\" class=\"wp-image-17287\" srcset=\"https:\/\/www.camping-var-ramatuelle.com\/wp-content\/uploads\/2024\/10\/anse-toulon.jpg 1024w, https:\/\/www.camping-var-ramatuelle.com\/wp-content\/uploads\/2024\/10\/anse-toulon-300x201.jpg 300w, https:\/\/www.camping-var-ramatuelle.com\/wp-content\/uploads\/2024\/10\/anse-toulon-768x514.jpg 768w\" sizes=\"(max-width: 1024px) 100vw, 1024px\" \/><\/figure>\n<\/div>\n\n\n\n<div class=\"wp-block-column is-vertically-aligned-center is-layout-flow wp-block-column-is-layout-flow\" style=\"flex-basis:40%\">\n<h2 class=\"ls__heading wp-block-heading has-text-align-center has-color-1-color has-text-color\" id=\"lieux-d-interet-a-ramatuelle\">L&#8217;anse M\u00e9jean, Tolone<\/h2>\n\n\n\n<p class=\"ls-paragraph\"><strong>Anse M\u00e9jean<\/strong>, la<strong>cala<\/strong> segreta da non perdere di Tolone, \u00e8 tipica della costa del Var. Adagiata sotto scogliere ornate di pini, questa <g id=\"gid_1\">baia di ciottoli<\/g> \u00e8 perfetta per nuotare o prendere il sole, con le sue casette di pescatori arroccate sulle rocce.<br\/>Sembra quasi di essere su un&#8217;isola greca, pur essendo a pochi minuti dal centro di Tolone. Potrai godere di momenti scanditi dal canto delle cicale e dal rumore delle onde.<br\/>\u00c8 un luogo della Costa Azzurra dove il tempo sembra essersi fermato, offrendoti la fuga perfetta dal trambusto della citt\u00e0 durante le tue vacanze!  <\/p>\n\n\n\n<h2 class=\"ls__heading wp-block-heading has-color-1-color has-text-color has-link-color wp-elements-ecb4d4ca5dbf06b9c8b764c754ea2746\">Spiaggia di Renecros, Bandol<\/h2>\n\n\n\n<p class=\"ls-paragraph\">Un&#8217;altra <strong>spiaggia della Costa Azzurra<\/strong> da scoprire durante la tua vacanza nel nostro campeggio \u00e8 <strong>Plage de Renecros<\/strong>, nella localit\u00e0 balneare di Bandol.<br\/>Questa spiaggia si distingue per l&#8217;eccezionale limpidezza delle sue acque, soprattutto dopo il vento di Maestrale. L&#8217;antica casa di Raimu, oggi hotel, si affaccia sulla baia.<br\/>Protetta dal vento, questa magnifica <strong>spiaggia del Var<\/strong> \u00e8 perfetta per nuotare e fare passeggiate in famiglia lungo la riva, anche durante la stagione invernale. <\/p>\n<\/div>\n<\/div>\n\n\n    <\/div>\n<\/section>\n<div class=\"wp-block-columns m-t-10 is-layout-flex wp-container-core-columns-is-layout-6 wp-block-columns-is-layout-flex\">\n<div class=\"wp-block-column is-vertically-aligned-center is-layout-flow wp-block-column-is-layout-flow\" style=\"flex-basis:40%\">\n<h2 class=\"ls__heading wp-block-heading has-text-align-center has-color-1-color has-text-color\" id=\"le-vignoble-de-ramatuelle\">Spiaggia di Tahiti, Ramatuelle<\/h2>\n\n\n\n<p class=\"ls-paragraph\">Situata all&#8217;estremit\u00e0 settentrionale della <strong>spiaggia di Pampelonne<\/strong>, appena fuori Saint-Tropez, la spiaggia di Tahiti \u00e8 una delle pi\u00f9 famose della penisola di Saint-Tropez. \u00c8 stata l&#8217;<strong>ambientazione del film &#8220;Et Dieu&#8230; cr\u00e9a la femme&#8221;.<\/strong><br\/>La lunga striscia di sabbia di questa spiaggia, una delle <strong>pi\u00f9 belle del Var<\/strong> e della Costa Azzurra, alterna spiagge private a spiagge pubbliche.<br\/>Dalla sabbia avrai una vista mozzafiato su Cap du Pinet e sulla spiaggia di Pampelonne. <\/p>\n\n\n\n<h2 class=\"ls__heading wp-block-heading has-color-1-color has-text-color has-link-color wp-elements-cd98fe51a1bafcf8d481d9ff2364e31a\">La spiaggia dell&#8217;Escalet a Ramatuelle<\/h2>\n\n\n\n<p class=\"ls-paragraph\">Tra Cap Camarat e Cap Taillat, questa <strong>spiaggia del Var<\/strong> \u00e8 circondata da baie e insenature idilliache. Le acque turchesi sono quasi da Seychelles o da Tahiti!<br\/>Per un tour delle piccole insenature, prendi in considerazione una <strong>passeggiata in famiglia lungo la costa<\/strong> fino alla spiaggia di Gigaro. Si tratta di una passeggiata di 10 km per ammirare la bellezza della zona, da programmare assolutamente durante la tua vacanza in campeggio. Cogli l&#8217;occasione per nuotare o fare un picnic all&#8217;ombra dei pini a ombrello.   <\/p>\n<\/div>\n\n\n\n<div class=\"wp-block-column is-vertically-aligned-center mozaique is-layout-flow wp-block-column-is-layout-flow\" style=\"flex-basis:60%\">\n<figure class=\"wp-block-image size-full\"><img decoding=\"async\" width=\"1024\" height=\"685\" src=\"https:\/\/www.camping-var-ramatuelle.com\/wp-content\/uploads\/2024\/10\/plage-saint-clair-lavandou.jpg\" alt=\"Spiaggia di Saint-Clair a Le Lavandou\" class=\"wp-image-17271\" srcset=\"https:\/\/www.camping-var-ramatuelle.com\/wp-content\/uploads\/2024\/10\/plage-saint-clair-lavandou.jpg 1024w, https:\/\/www.camping-var-ramatuelle.com\/wp-content\/uploads\/2024\/10\/plage-saint-clair-lavandou-300x201.jpg 300w, https:\/\/www.camping-var-ramatuelle.com\/wp-content\/uploads\/2024\/10\/plage-saint-clair-lavandou-768x514.jpg 768w\" sizes=\"(max-width: 1024px) 100vw, 1024px\" \/><\/figure>\n<\/div>\n<\/div>\n\n<div class=\"wp-block-columns m-t-10 is-layout-flex wp-container-core-columns-is-layout-7 wp-block-columns-is-layout-flex\">\n<div class=\"wp-block-column is-vertically-aligned-center mozaique is-layout-flow wp-block-column-is-layout-flow\" style=\"flex-basis:60%\">\n<figure class=\"wp-block-image size-full\"><img decoding=\"async\" width=\"750\" height=\"350\" src=\"https:\/\/www.camping-var-ramatuelle.com\/wp-content\/uploads\/2024\/10\/plage-porquerolles-1.jpg\" alt=\"\" class=\"wp-image-17281\" srcset=\"https:\/\/www.camping-var-ramatuelle.com\/wp-content\/uploads\/2024\/10\/plage-porquerolles-1.jpg 750w, https:\/\/www.camping-var-ramatuelle.com\/wp-content\/uploads\/2024\/10\/plage-porquerolles-1-300x140.jpg 300w\" sizes=\"(max-width: 750px) 100vw, 750px\" \/><\/figure>\n<\/div>\n\n\n\n<div class=\"wp-block-column is-vertically-aligned-center is-layout-flow wp-block-column-is-layout-flow\" style=\"flex-basis:40%\">\n<h2 class=\"ls__heading wp-block-heading has-text-align-center has-color-1-color has-text-color\" id=\"lieux-d-interet-a-ramatuelle\">Spiaggia di La Verne, La Seyne-sur-Mer<\/h2>\n\n\n\n<p class=\"ls-paragraph\">Le spiagge di ghiaia hanno il vantaggio di essere meno affollate di quelle di sabbia fine.<br\/>Hanno un fascino unico, spesso descritto come pi\u00f9 selvaggio e autentico. <strong>Plage de la Verne<\/strong>, una delle pi\u00f9 belle spiagge del Var, ne \u00e8 un esempio perfetto.<br\/>Per vivere al meglio questa esperienza, indossa delle scarpe da spiaggia e non dimenticare di portare con te maschera e boccaglio per ammirare insieme ai tuoi bambini i ricchi fondali marini di questo angolo della Costa Azzurra! <\/p>\n\n\n\n<p class=\"ls-paragraph\">Durante la tua vacanza in campeggio con la famiglia non ti resta che esplorare le magnifiche <strong>spiagge del Var<\/strong>!<\/p>\n<\/div>\n<\/div>\n","protected":false},"excerpt":{"rendered":"<p>Spiaggia Notre-Dame a Porquerolles La spiaggia di Notre-Dame, recentemente incoronata la pi\u00f9 bella spiaggia d&#8217;Europa da European Best Destination, \u00e8 un tesoro nascosto. Per chi non ha ancora scoperto Porquerolles e le Isole d&#8217;Oro, questa \u00e8 una destinazione da non perdere nel Var, durante il tuo soggiorno nel nostro campeggio vicino a Porquerolles.L&#8217;isola \u00e8 incontaminata, [&hellip;]<\/p>\n","protected":false},"author":1,"featured_media":17275,"comment_status":"open","ping_status":"open","sticky":false,"template":"","format":"standard","meta":{"_acf_changed":false,"footnotes":""},"categories":[67],"tags":[],"sujet":[],"class_list":["post-18313","post","type-post","status-publish","format-standard","has-post-thumbnail","hentry","category-notizie"],"acf":[],"yoast_head":"<!-- This site is optimized with the Yoast SEO plugin v25.4 - https:\/\/yoast.com\/wordpress\/plugins\/seo\/ -->\n<title>Plage du Var : Le 10 spiagge pi\u00f9 belle del Var<\/title>\n<meta name=\"description\" content=\"Scopri le 10 spiagge pi\u00f9 belle del Var durante il tuo prossimo soggiorno in Provenza-Alpi-Costa Azzurra, nella penisola di Saint-Tropez.\" \/>\n<meta name=\"robots\" content=\"index, follow, max-snippet:-1, max-image-preview:large, max-video-preview:-1\" \/>\n<link rel=\"canonical\" href=\"https:\/\/www.camping-var-ramatuelle.com\/it\/notizie\/le-10-spiagge-piu-belle-del-var\/\" \/>\n<meta property=\"og:locale\" content=\"it_IT\" \/>\n<meta property=\"og:type\" content=\"article\" \/>\n<meta property=\"og:title\" content=\"Plage du Var : Le 10 spiagge pi\u00f9 belle del Var\" \/>\n<meta property=\"og:description\" content=\"Scopri le 10 spiagge pi\u00f9 belle del Var durante il tuo prossimo soggiorno in Provenza-Alpi-Costa Azzurra, nella penisola di Saint-Tropez.\" \/>\n<meta property=\"og:url\" content=\"https:\/\/www.camping-var-ramatuelle.com\/it\/notizie\/le-10-spiagge-piu-belle-del-var\/\" \/>\n<meta property=\"og:site_name\" content=\"Camping La Rouillere\" \/>\n<meta property=\"article:published_time\" content=\"2025-12-15T11:08:54+00:00\" \/>\n<meta property=\"article:modified_time\" content=\"2025-12-15T11:08:56+00:00\" \/>\n<meta property=\"og:image\" content=\"https:\/\/www.camping-var-ramatuelle.com\/wp-content\/uploads\/2024\/10\/plage-saint-clair-lavandou.jpg\" \/>\n\t<meta property=\"og:image:width\" content=\"1024\" \/>\n\t<meta property=\"og:image:height\" content=\"685\" \/>\n\t<meta property=\"og:image:type\" content=\"image\/jpeg\" \/>\n<meta name=\"author\" content=\"@dmin64\" \/>\n<meta name=\"twitter:card\" content=\"summary_large_image\" \/>\n<meta name=\"twitter:label1\" content=\"Scritto da\" \/>\n\t<meta name=\"twitter:data1\" content=\"@dmin64\" \/>\n\t<meta name=\"twitter:label2\" content=\"Tempo di lettura stimato\" \/>\n\t<meta name=\"twitter:data2\" content=\"4 minuti\" \/>\n<script type=\"application\/ld+json\" class=\"yoast-schema-graph\">{\"@context\":\"https:\/\/schema.org\",\"@graph\":[{\"@type\":\"Article\",\"@id\":\"https:\/\/www.camping-var-ramatuelle.com\/it\/notizie\/le-10-spiagge-piu-belle-del-var\/#article\",\"isPartOf\":{\"@id\":\"https:\/\/www.camping-var-ramatuelle.com\/it\/notizie\/le-10-spiagge-piu-belle-del-var\/\"},\"author\":{\"name\":\"@dmin64\",\"@id\":\"https:\/\/www.camping-var-ramatuelle.com\/it\/#\/schema\/person\/d87bd9540a40e6a500e4e2da8e56e24c\"},\"headline\":\"Le 10 spiagge pi\u00f9 belle del Var\",\"datePublished\":\"2025-12-15T11:08:54+00:00\",\"dateModified\":\"2025-12-15T11:08:56+00:00\",\"mainEntityOfPage\":{\"@id\":\"https:\/\/www.camping-var-ramatuelle.com\/it\/notizie\/le-10-spiagge-piu-belle-del-var\/\"},\"wordCount\":836,\"commentCount\":0,\"publisher\":{\"@id\":\"https:\/\/www.camping-var-ramatuelle.com\/it\/#organization\"},\"image\":{\"@id\":\"https:\/\/www.camping-var-ramatuelle.com\/it\/notizie\/le-10-spiagge-piu-belle-del-var\/#primaryimage\"},\"thumbnailUrl\":\"https:\/\/www.camping-var-ramatuelle.com\/wp-content\/uploads\/2024\/10\/plage-saint-clair-lavandou.jpg\",\"articleSection\":[\"Notizie\"],\"inLanguage\":\"it-IT\",\"potentialAction\":[{\"@type\":\"CommentAction\",\"name\":\"Comment\",\"target\":[\"https:\/\/www.camping-var-ramatuelle.com\/it\/notizie\/le-10-spiagge-piu-belle-del-var\/#respond\"]}]},{\"@type\":\"WebPage\",\"@id\":\"https:\/\/www.camping-var-ramatuelle.com\/it\/notizie\/le-10-spiagge-piu-belle-del-var\/\",\"url\":\"https:\/\/www.camping-var-ramatuelle.com\/it\/notizie\/le-10-spiagge-piu-belle-del-var\/\",\"name\":\"Plage du Var : Le 10 spiagge pi\u00f9 belle del Var\",\"isPartOf\":{\"@id\":\"https:\/\/www.camping-var-ramatuelle.com\/it\/#website\"},\"primaryImageOfPage\":{\"@id\":\"https:\/\/www.camping-var-ramatuelle.com\/it\/notizie\/le-10-spiagge-piu-belle-del-var\/#primaryimage\"},\"image\":{\"@id\":\"https:\/\/www.camping-var-ramatuelle.com\/it\/notizie\/le-10-spiagge-piu-belle-del-var\/#primaryimage\"},\"thumbnailUrl\":\"https:\/\/www.camping-var-ramatuelle.com\/wp-content\/uploads\/2024\/10\/plage-saint-clair-lavandou.jpg\",\"datePublished\":\"2025-12-15T11:08:54+00:00\",\"dateModified\":\"2025-12-15T11:08:56+00:00\",\"description\":\"Scopri le 10 spiagge pi\u00f9 belle del Var durante il tuo prossimo soggiorno in Provenza-Alpi-Costa Azzurra, nella penisola di Saint-Tropez.\",\"breadcrumb\":{\"@id\":\"https:\/\/www.camping-var-ramatuelle.com\/it\/notizie\/le-10-spiagge-piu-belle-del-var\/#breadcrumb\"},\"inLanguage\":\"it-IT\",\"potentialAction\":[{\"@type\":\"ReadAction\",\"target\":[\"https:\/\/www.camping-var-ramatuelle.com\/it\/notizie\/le-10-spiagge-piu-belle-del-var\/\"]}]},{\"@type\":\"ImageObject\",\"inLanguage\":\"it-IT\",\"@id\":\"https:\/\/www.camping-var-ramatuelle.com\/it\/notizie\/le-10-spiagge-piu-belle-del-var\/#primaryimage\",\"url\":\"https:\/\/www.camping-var-ramatuelle.com\/wp-content\/uploads\/2024\/10\/plage-saint-clair-lavandou.jpg\",\"contentUrl\":\"https:\/\/www.camping-var-ramatuelle.com\/wp-content\/uploads\/2024\/10\/plage-saint-clair-lavandou.jpg\",\"width\":1024,\"height\":685,\"caption\":\"Plage de Saint-Clair \u00e0 Lavandou\"},{\"@type\":\"BreadcrumbList\",\"@id\":\"https:\/\/www.camping-var-ramatuelle.com\/it\/notizie\/le-10-spiagge-piu-belle-del-var\/#breadcrumb\",\"itemListElement\":[{\"@type\":\"ListItem\",\"position\":1,\"name\":\"Campeggio Ramatuelle\",\"item\":\"https:\/\/www.camping-var-ramatuelle.com\/it\/\"},{\"@type\":\"ListItem\",\"position\":2,\"name\":\"Le 10 migliori spiagge del Var\"}]},{\"@type\":\"WebSite\",\"@id\":\"https:\/\/www.camping-var-ramatuelle.com\/it\/#website\",\"url\":\"https:\/\/www.camping-var-ramatuelle.com\/it\/\",\"name\":\"Camping La Rouillere\",\"description\":\"\",\"publisher\":{\"@id\":\"https:\/\/www.camping-var-ramatuelle.com\/it\/#organization\"},\"potentialAction\":[{\"@type\":\"SearchAction\",\"target\":{\"@type\":\"EntryPoint\",\"urlTemplate\":\"https:\/\/www.camping-var-ramatuelle.com\/it\/?s={search_term_string}\"},\"query-input\":{\"@type\":\"PropertyValueSpecification\",\"valueRequired\":true,\"valueName\":\"search_term_string\"}}],\"inLanguage\":\"it-IT\"},{\"@type\":\"Organization\",\"@id\":\"https:\/\/www.camping-var-ramatuelle.com\/it\/#organization\",\"name\":\"Camping La Rouill\u00e8re\",\"url\":\"https:\/\/www.camping-var-ramatuelle.com\/it\/\",\"logo\":{\"@type\":\"ImageObject\",\"inLanguage\":\"it-IT\",\"@id\":\"https:\/\/www.camping-var-ramatuelle.com\/it\/#\/schema\/logo\/image\/\",\"url\":\"https:\/\/www.camping-var-ramatuelle.com\/wp-content\/uploads\/2022\/01\/logo-carte-rouillere.png\",\"contentUrl\":\"https:\/\/www.camping-var-ramatuelle.com\/wp-content\/uploads\/2022\/01\/logo-carte-rouillere.png\",\"width\":400,\"height\":400,\"caption\":\"Camping La Rouill\u00e8re\"},\"image\":{\"@id\":\"https:\/\/www.camping-var-ramatuelle.com\/it\/#\/schema\/logo\/image\/\"}},{\"@type\":\"Person\",\"@id\":\"https:\/\/www.camping-var-ramatuelle.com\/it\/#\/schema\/person\/d87bd9540a40e6a500e4e2da8e56e24c\",\"name\":\"@dmin64\",\"image\":{\"@type\":\"ImageObject\",\"inLanguage\":\"it-IT\",\"@id\":\"https:\/\/www.camping-var-ramatuelle.com\/it\/#\/schema\/person\/image\/\",\"url\":\"https:\/\/secure.gravatar.com\/avatar\/b394e2a30fb6847809693d5b3d93e6c8?s=96&d=mm&r=g\",\"contentUrl\":\"https:\/\/secure.gravatar.com\/avatar\/b394e2a30fb6847809693d5b3d93e6c8?s=96&d=mm&r=g\",\"caption\":\"@dmin64\"},\"sameAs\":[\"https:\/\/www.camping-var-ramatuelle.com\"]}]}<\/script>\n<!-- \/ Yoast SEO plugin. -->","yoast_head_json":{"title":"Plage du Var : Le 10 spiagge pi\u00f9 belle del Var","description":"Scopri le 10 spiagge pi\u00f9 belle del Var durante il tuo prossimo soggiorno in Provenza-Alpi-Costa Azzurra, nella penisola di Saint-Tropez.","robots":{"index":"index","follow":"follow","max-snippet":"max-snippet:-1","max-image-preview":"max-image-preview:large","max-video-preview":"max-video-preview:-1"},"canonical":"https:\/\/www.camping-var-ramatuelle.com\/it\/notizie\/le-10-spiagge-piu-belle-del-var\/","og_locale":"it_IT","og_type":"article","og_title":"Plage du Var : Le 10 spiagge pi\u00f9 belle del Var","og_description":"Scopri le 10 spiagge pi\u00f9 belle del Var durante il tuo prossimo soggiorno in Provenza-Alpi-Costa Azzurra, nella penisola di Saint-Tropez.","og_url":"https:\/\/www.camping-var-ramatuelle.com\/it\/notizie\/le-10-spiagge-piu-belle-del-var\/","og_site_name":"Camping La Rouillere","article_published_time":"2025-12-15T11:08:54+00:00","article_modified_time":"2025-12-15T11:08:56+00:00","og_image":[{"width":1024,"height":685,"url":"https:\/\/www.camping-var-ramatuelle.com\/wp-content\/uploads\/2024\/10\/plage-saint-clair-lavandou.jpg","type":"image\/jpeg"}],"author":"@dmin64","twitter_card":"summary_large_image","twitter_misc":{"Scritto da":"@dmin64","Tempo di lettura stimato":"4 minuti"},"schema":{"@context":"https:\/\/schema.org","@graph":[{"@type":"Article","@id":"https:\/\/www.camping-var-ramatuelle.com\/it\/notizie\/le-10-spiagge-piu-belle-del-var\/#article","isPartOf":{"@id":"https:\/\/www.camping-var-ramatuelle.com\/it\/notizie\/le-10-spiagge-piu-belle-del-var\/"},"author":{"name":"@dmin64","@id":"https:\/\/www.camping-var-ramatuelle.com\/it\/#\/schema\/person\/d87bd9540a40e6a500e4e2da8e56e24c"},"headline":"Le 10 spiagge pi\u00f9 belle del Var","datePublished":"2025-12-15T11:08:54+00:00","dateModified":"2025-12-15T11:08:56+00:00","mainEntityOfPage":{"@id":"https:\/\/www.camping-var-ramatuelle.com\/it\/notizie\/le-10-spiagge-piu-belle-del-var\/"},"wordCount":836,"commentCount":0,"publisher":{"@id":"https:\/\/www.camping-var-ramatuelle.com\/it\/#organization"},"image":{"@id":"https:\/\/www.camping-var-ramatuelle.com\/it\/notizie\/le-10-spiagge-piu-belle-del-var\/#primaryimage"},"thumbnailUrl":"https:\/\/www.camping-var-ramatuelle.com\/wp-content\/uploads\/2024\/10\/plage-saint-clair-lavandou.jpg","articleSection":["Notizie"],"inLanguage":"it-IT","potentialAction":[{"@type":"CommentAction","name":"Comment","target":["https:\/\/www.camping-var-ramatuelle.com\/it\/notizie\/le-10-spiagge-piu-belle-del-var\/#respond"]}]},{"@type":"WebPage","@id":"https:\/\/www.camping-var-ramatuelle.com\/it\/notizie\/le-10-spiagge-piu-belle-del-var\/","url":"https:\/\/www.camping-var-ramatuelle.com\/it\/notizie\/le-10-spiagge-piu-belle-del-var\/","name":"Plage du Var : Le 10 spiagge pi\u00f9 belle del Var","isPartOf":{"@id":"https:\/\/www.camping-var-ramatuelle.com\/it\/#website"},"primaryImageOfPage":{"@id":"https:\/\/www.camping-var-ramatuelle.com\/it\/notizie\/le-10-spiagge-piu-belle-del-var\/#primaryimage"},"image":{"@id":"https:\/\/www.camping-var-ramatuelle.com\/it\/notizie\/le-10-spiagge-piu-belle-del-var\/#primaryimage"},"thumbnailUrl":"https:\/\/www.camping-var-ramatuelle.com\/wp-content\/uploads\/2024\/10\/plage-saint-clair-lavandou.jpg","datePublished":"2025-12-15T11:08:54+00:00","dateModified":"2025-12-15T11:08:56+00:00","description":"Scopri le 10 spiagge pi\u00f9 belle del Var durante il tuo prossimo soggiorno in Provenza-Alpi-Costa Azzurra, nella penisola di Saint-Tropez.","breadcrumb":{"@id":"https:\/\/www.camping-var-ramatuelle.com\/it\/notizie\/le-10-spiagge-piu-belle-del-var\/#breadcrumb"},"inLanguage":"it-IT","potentialAction":[{"@type":"ReadAction","target":["https:\/\/www.camping-var-ramatuelle.com\/it\/notizie\/le-10-spiagge-piu-belle-del-var\/"]}]},{"@type":"ImageObject","inLanguage":"it-IT","@id":"https:\/\/www.camping-var-ramatuelle.com\/it\/notizie\/le-10-spiagge-piu-belle-del-var\/#primaryimage","url":"https:\/\/www.camping-var-ramatuelle.com\/wp-content\/uploads\/2024\/10\/plage-saint-clair-lavandou.jpg","contentUrl":"https:\/\/www.camping-var-ramatuelle.com\/wp-content\/uploads\/2024\/10\/plage-saint-clair-lavandou.jpg","width":1024,"height":685,"caption":"Plage de Saint-Clair \u00e0 Lavandou"},{"@type":"BreadcrumbList","@id":"https:\/\/www.camping-var-ramatuelle.com\/it\/notizie\/le-10-spiagge-piu-belle-del-var\/#breadcrumb","itemListElement":[{"@type":"ListItem","position":1,"name":"Campeggio Ramatuelle","item":"https:\/\/www.camping-var-ramatuelle.com\/it\/"},{"@type":"ListItem","position":2,"name":"Le 10 migliori spiagge del Var"}]},{"@type":"WebSite","@id":"https:\/\/www.camping-var-ramatuelle.com\/it\/#website","url":"https:\/\/www.camping-var-ramatuelle.com\/it\/","name":"Camping La Rouillere","description":"","publisher":{"@id":"https:\/\/www.camping-var-ramatuelle.com\/it\/#organization"},"potentialAction":[{"@type":"SearchAction","target":{"@type":"EntryPoint","urlTemplate":"https:\/\/www.camping-var-ramatuelle.com\/it\/?s={search_term_string}"},"query-input":{"@type":"PropertyValueSpecification","valueRequired":true,"valueName":"search_term_string"}}],"inLanguage":"it-IT"},{"@type":"Organization","@id":"https:\/\/www.camping-var-ramatuelle.com\/it\/#organization","name":"Camping La Rouill\u00e8re","url":"https:\/\/www.camping-var-ramatuelle.com\/it\/","logo":{"@type":"ImageObject","inLanguage":"it-IT","@id":"https:\/\/www.camping-var-ramatuelle.com\/it\/#\/schema\/logo\/image\/","url":"https:\/\/www.camping-var-ramatuelle.com\/wp-content\/uploads\/2022\/01\/logo-carte-rouillere.png","contentUrl":"https:\/\/www.camping-var-ramatuelle.com\/wp-content\/uploads\/2022\/01\/logo-carte-rouillere.png","width":400,"height":400,"caption":"Camping La Rouill\u00e8re"},"image":{"@id":"https:\/\/www.camping-var-ramatuelle.com\/it\/#\/schema\/logo\/image\/"}},{"@type":"Person","@id":"https:\/\/www.camping-var-ramatuelle.com\/it\/#\/schema\/person\/d87bd9540a40e6a500e4e2da8e56e24c","name":"@dmin64","image":{"@type":"ImageObject","inLanguage":"it-IT","@id":"https:\/\/www.camping-var-ramatuelle.com\/it\/#\/schema\/person\/image\/","url":"https:\/\/secure.gravatar.com\/avatar\/b394e2a30fb6847809693d5b3d93e6c8?s=96&d=mm&r=g","contentUrl":"https:\/\/secure.gravatar.com\/avatar\/b394e2a30fb6847809693d5b3d93e6c8?s=96&d=mm&r=g","caption":"@dmin64"},"sameAs":["https:\/\/www.camping-var-ramatuelle.com"]}]}},"_links":{"self":[{"href":"https:\/\/www.camping-var-ramatuelle.com\/it\/wp-json\/wp\/v2\/posts\/18313"}],"collection":[{"href":"https:\/\/www.camping-var-ramatuelle.com\/it\/wp-json\/wp\/v2\/posts"}],"about":[{"href":"https:\/\/www.camping-var-ramatuelle.com\/it\/wp-json\/wp\/v2\/types\/post"}],"author":[{"embeddable":true,"href":"https:\/\/www.camping-var-ramatuelle.com\/it\/wp-json\/wp\/v2\/users\/1"}],"replies":[{"embeddable":true,"href":"https:\/\/www.camping-var-ramatuelle.com\/it\/wp-json\/wp\/v2\/comments?post=18313"}],"version-history":[{"count":1,"href":"https:\/\/www.camping-var-ramatuelle.com\/it\/wp-json\/wp\/v2\/posts\/18313\/revisions"}],"predecessor-version":[{"id":18316,"href":"https:\/\/www.camping-var-ramatuelle.com\/it\/wp-json\/wp\/v2\/posts\/18313\/revisions\/18316"}],"wp:featuredmedia":[{"embeddable":true,"href":"https:\/\/www.camping-var-ramatuelle.com\/it\/wp-json\/wp\/v2\/media\/17275"}],"wp:attachment":[{"href":"https:\/\/www.camping-var-ramatuelle.com\/it\/wp-json\/wp\/v2\/media?parent=18313"}],"wp:term":[{"taxonomy":"category","embeddable":true,"href":"https:\/\/www.camping-var-ramatuelle.com\/it\/wp-json\/wp\/v2\/categories?post=18313"},{"taxonomy":"post_tag","embeddable":true,"href":"https:\/\/www.camping-var-ramatuelle.com\/it\/wp-json\/wp\/v2\/tags?post=18313"},{"taxonomy":"sujet","embeddable":true,"href":"https:\/\/www.camping-var-ramatuelle.com\/it\/wp-json\/wp\/v2\/sujet?post=18313"}],"curies":[{"name":"wp","href":"https:\/\/api.w.org\/{rel}","templated":true}]}}