{"id":18405,"date":"2025-12-15T13:58:24","date_gmt":"2025-12-15T12:58:24","guid":{"rendered":"https:\/\/www.camping-var-ramatuelle.com\/non-categorizzato\/les-voiles-de-saint-tropez-un-evento-imperdibile\/"},"modified":"2025-12-15T13:58:24","modified_gmt":"2025-12-15T12:58:24","slug":"les-voiles-de-saint-tropez-un-evento-imperdibile","status":"publish","type":"post","link":"https:\/\/www.camping-var-ramatuelle.com\/it\/notizie\/les-voiles-de-saint-tropez-un-evento-imperdibile\/","title":{"rendered":"Les Voiles de Saint-Tropez: un evento imperdibile"},"content":{"rendered":"<section id=\"ls-section-block_d744db791a2d4e7d5b55c66b450eafd9\" class=\"ls-section \" >\n        <div class=\"container \">\n        \n\n<p class=\"ls-paragraph has-text-align-center\">Ogni autunno il <strong>porto di Saint-Tropez<\/strong> subisce una metamorfosi. I superyacht lasciano il posto a una foresta di alberi in legno e carbonio verniciati. Questo \u00e8 il segno inequivocabile del ritorno delle <g id=\"gid_1\">Voiles de Saint-Tropez<\/g>, l&#8217;<g id=\"gid_2\">evento nautico<\/g> in cui l&#8217;eccellenza sportiva delle regate si unisce a un&#8217;atmosfera di festa a terra. Il nostro <g id=\"gid_3\">campeggio di Saint-Tropez<\/g> si trova a soli 14 minuti (8,0 km) dal cuore dell&#8217;evento. Una vera e propria isola di serenit\u00e0 per ricaricare le batterie dopo una giornata di emozioni.    <br\/><\/p>\n\n\n    <\/div>\n<\/section>\n<div class=\"wp-block-columns m-t-10 is-layout-flex wp-container-core-columns-is-layout-1 wp-block-columns-is-layout-flex\">\n<div class=\"wp-block-column is-vertically-aligned-center mozaique is-layout-flow wp-block-column-is-layout-flow\" style=\"flex-basis:60%\">\n<figure class=\"wp-block-image size-full is-style-default\"><img decoding=\"async\" width=\"1280\" height=\"853\" src=\"https:\/\/www.camping-var-ramatuelle.com\/wp-content\/uploads\/2025\/08\/Voiles-de-Saint-Tropez.webp\" alt=\"Vele Saint-Tropez\" class=\"wp-image-17747\" srcset=\"https:\/\/www.camping-var-ramatuelle.com\/wp-content\/uploads\/2025\/08\/Voiles-de-Saint-Tropez.webp 1280w, https:\/\/www.camping-var-ramatuelle.com\/wp-content\/uploads\/2025\/08\/Voiles-de-Saint-Tropez-300x200.webp 300w, https:\/\/www.camping-var-ramatuelle.com\/wp-content\/uploads\/2025\/08\/Voiles-de-Saint-Tropez-1024x682.webp 1024w, https:\/\/www.camping-var-ramatuelle.com\/wp-content\/uploads\/2025\/08\/Voiles-de-Saint-Tropez-768x512.webp 768w\" sizes=\"(max-width: 1280px) 100vw, 1280px\" \/><\/figure>\n<\/div>\n\n\n\n<div class=\"wp-block-column is-vertically-aligned-center is-layout-flow wp-block-column-is-layout-flow\" style=\"flex-basis:40%\">\n<h2 class=\"ls__heading wp-block-heading has-text-align-center has-color-1-color has-text-color\" id=\"le-village-authentique-de-ramatuelle\"><strong>Les Voiles de Saint-Tropez: cosa rende unico questo evento?<\/strong><\/h2>\n\n\n\n<p class=\"ls-paragraph\">L&#8217;anima di questo evento deriva da una storia singolare. Tutto ebbe inizio nel settembre del 1981 con una <strong>sfida amichevole<\/strong>. Dick Jayson, sul suo Swan 44 Pride, e Jean Laurain, al timone del 12 metri JI Ikra, decisero di sfidarsi su un percorso improvvisato. Il punto di partenza era la torre Portalet e il traguardo era posto davanti al Club 55 di Patrice de Colmont sulla spiaggia di Pampelonne. Il trofeo? Un pranzo offerto dal perdente a entrambi gli equipaggi. Questo spirito di competizione amichevole \u00e8 la pietra miliare di quella che \u00e8 diventata prima la Nioulargue e poi, dal 1999, Les Voiles de Saint-Tropez, sotto l&#8217;egida della Soci\u00e9t\u00e9 Nautique de Saint-Tropez (SNST).      <\/p>\n\n\n\n<p class=\"ls-paragraph\">Oggi l&#8217;evento riunisce ogni anno circa <strong>250 barche e quasi 4.000 velisti<\/strong>. <strong>Gli yacht tradizionali<\/strong>, alcuni dei quali vecchi di centinaia di anni, si confrontano con le <strong>barche pi\u00f9 moderne<\/strong> e con gli imponenti <strong>Maxis Yachts<\/strong>. Questa alchimia tra epoche \u00e8 ci\u00f2 che definisce le regate Voiles de Saint-Tropez.  <\/p>\n<\/div>\n<\/div>\n<section id=\"ls-section-block_f89167cf955615eadcb2ce24344257f9\" class=\"ls-section  has-p-t p-t-0\" >\n        <div class=\"container container--wide\">\n        \n\n<div class=\"wp-block-columns m-t-10 is-layout-flex wp-container-core-columns-is-layout-2 wp-block-columns-is-layout-flex\">\n<div class=\"wp-block-column is-vertically-aligned-center is-layout-flow wp-block-column-is-layout-flow\" style=\"flex-basis:40%\">\n<h2 class=\"ls__heading wp-block-heading has-text-align-center has-color-1-color has-text-color\" id=\"le-village-authentique-de-ramatuelle\"><strong>Qual \u00e8 il programma di Les Voiles de Saint-Tropez?<\/strong><\/h2>\n\n\n\n<p class=\"ls-paragraph\">Per essere sicuro di non perderti nulla, \u00e8 fondamentale conoscere le date. Le prossime date di Les Voiles de Saint-Tropez vanno da sabato 27 settembre a domenica 5 ottobre 2025. Le gare iniziano generalmente alle 11 del mattino, ma sono soggette alle condizioni meteorologiche. I Maxi partono spesso dalla baia di Pampelonne, mentre le altre flotte partono davanti al porto di Saint-Tropez, uno spettacolo visibile da terra.   <\/p>\n\n\n\n<p class=\"ls-paragraph\">Ecco una panoramica del <strong>programma delle Voiles de Saint-Tropez<\/strong> per aiutarti a pianificare la tua settimana.<\/p>\n\n\n\n\r\n<table style=\"width:100%; border-collapse:collapse; font-family:Arial, sans-serif;\">\r\n   <caption style=\"font-weight:bold; text-align:left; margin-bottom:8px;\">\r\n Programma della regata (inizio ore 11.00\/12.00)\r\n <\/caption>\r\n  <thead>\r\n    <tr>\r\n      <th style=\"background:#f3f4f6; padding:8px; border:1px solid #e5e7eb; text-align:left;\">Giorno<\/th>\r\n      <th style=\"background:#f3f4f6; padding:8px; border:1px solid #e5e7eb; text-align:left;\">Programma<\/th>\r\n    <\/tr>\r\n  <\/thead> \r\n  <tbody>\r\n    <tr>\r\n      <td style=\"padding:8px; border:1px solid #e5e7eb;\">Luned\u00ec<\/td>\r\n      <td style=\"padding:8px; border:1px solid #e5e7eb;\">Gare: yacht moderni e maxi yacht<\/td>\r\n    <\/tr>\r\n    <tr>\r\n      <td style=\"padding:8px; border:1px solid #e5e7eb;\">Marted\u00ec<\/td>\r\n      <td style=\"padding:8px; border:1px solid #e5e7eb;\">Gare: tutte le flotte (Modern, Maxis e Tradition)<\/td>\r\n    <\/tr>\r\n    <tr>\r\n      <td style=\"padding:8px; border:1px solid #e5e7eb;\">Mercoled\u00ec<\/td>\r\n      <td style=\"padding:8px; border:1px solid #e5e7eb;\">Gare: yacht moderni e tradizionali (giorno di riposo per Maxis)<\/td>\r\n    <\/tr>\r\n    <tr>\r\n      <td style=\"padding:8px; border:1px solid #e5e7eb;\">Gioved\u00ec<\/td>\r\n      <td style=\"padding:8px; border:1px solid #e5e7eb;\">Giorno della sfida: Coppa Club 55 e Regata dei Centenari<\/td>\r\n    <\/tr>\r\n    <tr>\r\n      <td style=\"padding:8px; border:1px solid #e5e7eb;\">Venerd\u00ec e sabato<\/td>\r\n      <td style=\"padding:8px; border:1px solid #e5e7eb;\">Gare: tutte le flotte (Modern, Maxis e Tradition)<\/td>\r\n    <\/tr>\r\n    <tr>\r\n      <td style=\"padding:8px; border:1px solid #e5e7eb;\">Domenica<\/td>\r\n      <td style=\"padding:8px; border:1px solid #e5e7eb;\">Cerimonia di premiazione (mattina)<\/td>\r\n    <\/tr>\r\n  <\/tbody>\r\n<\/table>\r\n\n\n\n<p class=\"ls-paragraph\">Questo programma \u00e8 provvisorio e pu\u00f2 essere modificato dal comitato di gara.<br\/><span id=\"docs-internal-guid-85f39c86-7fff-082d-a086-f2215c05dead\"><div><span style=\"font-size: 11pt; font-family: Cambria, serif; background-color: transparent; font-variant-numeric: normal; font-variant-east-asian: normal; font-variant-alternates: normal; font-variant-position: normal; font-variant-emoji: normal; vertical-align: baseline;\"><\/span><\/div><\/span><\/p>\n<\/div>\n\n\n\n<div class=\"wp-block-column is-vertically-aligned-center mozaique is-layout-flow wp-block-column-is-layout-flow\" style=\"flex-basis:60%\">\n<figure class=\"wp-block-image size-full\"><img decoding=\"async\" width=\"1280\" height=\"853\" src=\"https:\/\/www.camping-var-ramatuelle.com\/wp-content\/uploads\/2025\/08\/Saint-Tropez-programme-des-Voiles.webp\" alt=\"Programma Saint Tropez Voiles\" class=\"wp-image-17752\" srcset=\"https:\/\/www.camping-var-ramatuelle.com\/wp-content\/uploads\/2025\/08\/Saint-Tropez-programme-des-Voiles.webp 1280w, https:\/\/www.camping-var-ramatuelle.com\/wp-content\/uploads\/2025\/08\/Saint-Tropez-programme-des-Voiles-300x200.webp 300w, https:\/\/www.camping-var-ramatuelle.com\/wp-content\/uploads\/2025\/08\/Saint-Tropez-programme-des-Voiles-1024x682.webp 1024w, https:\/\/www.camping-var-ramatuelle.com\/wp-content\/uploads\/2025\/08\/Saint-Tropez-programme-des-Voiles-768x512.webp 768w\" sizes=\"(max-width: 1280px) 100vw, 1280px\" \/><\/figure>\n<\/div>\n<\/div>\n\n\n    <\/div>\n<\/section>\n<div class=\"wp-block-columns m-t-10 is-layout-flex wp-container-core-columns-is-layout-3 wp-block-columns-is-layout-flex\">\n<div class=\"wp-block-column is-vertically-aligned-center mozaique is-layout-flow wp-block-column-is-layout-flow\" style=\"flex-basis:60%\">\n<figure class=\"wp-block-image size-full\"><img decoding=\"async\" width=\"1280\" height=\"852\" src=\"https:\/\/www.camping-var-ramatuelle.com\/wp-content\/uploads\/2025\/08\/Ambiance-voile-Saint-Tropez.webp\" alt=\"Atmosfera da vela a Saint Tropez\" class=\"wp-image-17757\" srcset=\"https:\/\/www.camping-var-ramatuelle.com\/wp-content\/uploads\/2025\/08\/Ambiance-voile-Saint-Tropez.webp 1280w, https:\/\/www.camping-var-ramatuelle.com\/wp-content\/uploads\/2025\/08\/Ambiance-voile-Saint-Tropez-300x200.webp 300w, https:\/\/www.camping-var-ramatuelle.com\/wp-content\/uploads\/2025\/08\/Ambiance-voile-Saint-Tropez-1024x682.webp 1024w, https:\/\/www.camping-var-ramatuelle.com\/wp-content\/uploads\/2025\/08\/Ambiance-voile-Saint-Tropez-768x511.webp 768w\" sizes=\"(max-width: 1280px) 100vw, 1280px\" \/><\/figure>\n<\/div>\n\n\n\n<div class=\"wp-block-column is-vertically-aligned-center is-layout-flow wp-block-column-is-layout-flow\" style=\"flex-basis:40%\">\n<h2 class=\"ls__heading wp-block-heading has-text-align-center has-color-1-color has-text-color\" id=\"le-village-authentique-de-ramatuelle\"><strong>Cosa succede a terra e qual \u00e8 l&#8217;atmosfera che si respira?<\/strong><\/h2>\n\n\n\n<p class=\"ls-paragraph\">L&#8217;energia delle vele non si limita al mare. Sulla terraferma, <g id=\"gid_0\">il Village des Voiles<\/g>, allestito sul <g id=\"gid_1\">m\u00f4le Jean-R\u00e9veille<\/g>, \u00e8 il cuore pulsante dell&#8217;evento. <g id=\"gid_2\">Accessibile gratuitamente<\/g> tutti i giorni dalle 9:00 alle 21:00, \u00e8 il punto d&#8217;incontro degli equipaggi e del pubblico. L&#8217;intrattenimento \u00e8 assicurato.  <\/p>\n\n\n\n<ul class=\"ls-list ls-list-undefined wp-block-list\"><\/ul>\n\n\n\n<ul class=\"ls-list ls-list-undefined wp-block-list\"><li><strong>Musica dal vivo:<\/strong> ogni sera, band e DJ animano il villaggio e il molo, creando un&#8217;atmosfera rilassata e festosa.<\/li> <li><strong>Parata degli equipaggi: \u00e8<\/strong> il momento clou della settimana, quando i 4.000 marinai sfilano per il porto in uno spirito di cameratismo.<\/li> <li><strong>Gara di petanque:<\/strong> la &#8220;P\u00e9tanque des Voiles&#8221; nella leggendaria Place des Lices \u00e8 un omaggio alla cultura provenzale e riunisce marinai e abitanti del luogo.<\/li> <li><strong>Intrattenimento locale:<\/strong> la benedizione delle barche all&#8217;inizio della settimana e la sfilata dei bambini delle scuole di Saint-Tropez aggiungono un tocco autentico e locale.<\/li> <\/ul>\n\n\n\n<p class=\"ls-paragraph\">Sir Richard Matthews, fondatore di Oyster Yachts e affezionato partecipante, riassume bene l&#8217;atmosfera: &#8220;<a href=\"https:\/\/www.yachtingworld.com\/events-2\/les-voiles-de-saint-tropez-a-maritime-history-book-156224\"><em>\u00c8 un luogo magico. Camminare lungo le banchine di Saint-Tropez&#8230; \u00e8 unico&#8230; con le bande di ottoni che suonano per le strade. Tutti la amano  <\/em><\/a>&#8220;.<\/p>\n<\/div>\n<\/div>\n<section id=\"ls-section-block_f89167cf955615eadcb2ce24344257f9\" class=\"ls-section  has-p-t p-t-0\" >\n        <div class=\"container container--wide\">\n        \n\n<div class=\"wp-block-columns m-t-10 is-layout-flex wp-container-core-columns-is-layout-4 wp-block-columns-is-layout-flex\">\n<div class=\"wp-block-column is-vertically-aligned-center is-layout-flow wp-block-column-is-layout-flow\" style=\"flex-basis:40%\">\n<h2 class=\"ls__heading wp-block-heading has-text-align-center has-color-1-color has-text-color\" id=\"lieux-d-interet-a-ramatuelle\"><strong>Informazioni pratiche: come posso seguire le gare e i risultati?<\/strong><\/h2>\n\n\n\n<p class=\"ls-paragraph\">Ti stai chiedendo come sfruttare al meglio lo spettacolo? Ecco alcune risposte. <\/p>\n\n\n\n<h3 class=\"ls__heading wp-block-heading\">Dove puoi vedere le barche?<\/h3>\n\n\n\n<p class=\"ls-paragraph\">Da terra, i migliori punti di osservazione sono il <strong>frangiflutti Jean-R\u00e9veille<\/strong>, il <strong>frangiflutti Portalet<\/strong> o, per una vista panoramica del golfo, la <strong>Citadelle e la cappella Sainte-Anne<\/strong>.<\/p>\n\n\n\n<p class=\"ls-paragraph\">Per vivere da vicino la regata, diversi fornitori di servizi offrono uscite in mare. <strong>Les Bateaux Verts<\/strong>, uno dei partner dell&#8217;evento, organizza <strong>commenti sulle regate<\/strong> (a partire da 38,50\u20ac). Altri, come <strong>Caseneuve Maxi Catamaran<\/strong>, offrono uscite di <strong>un&#8217;intera giornata<\/strong> (a partire da 95\u20ac). <\/p>\n\n\n\n<h3 class=\"ls__heading wp-block-heading\">Come posso seguire la regata di Saint-Tropez in diretta?<\/h3>\n\n\n\n<p class=\"ls-paragraph\">Per chi non pu\u00f2 essere presente, il <strong>canale YouTube &#8220;Les Voiles de Saint Tropez Officiel&#8221;<\/strong> trasmette <strong>video riassuntivi giornalieri<\/strong> di alta qualit\u00e0. A volte \u00e8 possibile utilizzare <strong>applicazioni di tracciamento<\/strong> come <strong>eStela<\/strong> per visualizzare la posizione delle barche in tempo reale, in particolare per le barche a vela tradizionali. <\/p>\n\n\n\n<ul class=\"ls-list ls-list-undefined wp-block-list\">\n<li><\/li>\n<\/ul>\n<\/div>\n\n\n\n<div class=\"wp-block-column is-vertically-aligned-center mozaique is-layout-flow wp-block-column-is-layout-flow\" style=\"flex-basis:60%\">\n<figure class=\"wp-block-image size-full\"><img decoding=\"async\" width=\"1280\" height=\"960\" src=\"https:\/\/www.camping-var-ramatuelle.com\/wp-content\/uploads\/2025\/07\/bateau-a-Saint-Tropez.webp\" alt=\"barca a Saint-Tropez\" class=\"wp-image-17653\" srcset=\"https:\/\/www.camping-var-ramatuelle.com\/wp-content\/uploads\/2025\/07\/bateau-a-Saint-Tropez.webp 1280w, https:\/\/www.camping-var-ramatuelle.com\/wp-content\/uploads\/2025\/07\/bateau-a-Saint-Tropez-300x225.webp 300w, https:\/\/www.camping-var-ramatuelle.com\/wp-content\/uploads\/2025\/07\/bateau-a-Saint-Tropez-1024x768.webp 1024w, https:\/\/www.camping-var-ramatuelle.com\/wp-content\/uploads\/2025\/07\/bateau-a-Saint-Tropez-768x576.webp 768w\" sizes=\"(max-width: 1280px) 100vw, 1280px\" \/><\/figure>\n<\/div>\n<\/div>\n\n\n    <\/div>\n<\/section>\n<div class=\"wp-block-columns m-t-10 is-layout-flex wp-container-core-columns-is-layout-5 wp-block-columns-is-layout-flex\">\n<div class=\"wp-block-column is-vertically-aligned-center mozaique is-layout-flow wp-block-column-is-layout-flow\" style=\"flex-basis:60%\">\n<figure class=\"wp-block-image size-full\"><img decoding=\"async\" width=\"1280\" height=\"720\" src=\"https:\/\/www.camping-var-ramatuelle.com\/wp-content\/uploads\/2025\/08\/Saint-Tropez-Informations-pratiques.webp\" alt=\"Saint Tropez Informazioni pratiche\" class=\"wp-image-17742\" srcset=\"https:\/\/www.camping-var-ramatuelle.com\/wp-content\/uploads\/2025\/08\/Saint-Tropez-Informations-pratiques.webp 1280w, https:\/\/www.camping-var-ramatuelle.com\/wp-content\/uploads\/2025\/08\/Saint-Tropez-Informations-pratiques-300x169.webp 300w, https:\/\/www.camping-var-ramatuelle.com\/wp-content\/uploads\/2025\/08\/Saint-Tropez-Informations-pratiques-1024x576.webp 1024w, https:\/\/www.camping-var-ramatuelle.com\/wp-content\/uploads\/2025\/08\/Saint-Tropez-Informations-pratiques-768x432.webp 768w\" sizes=\"(max-width: 1280px) 100vw, 1280px\" \/><\/figure>\n<\/div>\n\n\n\n<div class=\"wp-block-column is-vertically-aligned-center is-layout-flow wp-block-column-is-layout-flow\" style=\"flex-basis:40%\">\n<h3 class=\"ls__heading wp-block-heading has-text-align-center\">Dove posso trovare i risultati di Les Voiles de Saint-Tropez?<\/h3>\n\n\n\n<p class=\"ls-paragraph\">La fonte pi\u00f9 affidabile \u00e8 il <a href=\"https:\/\/www.lesvoilesdesaint-tropez.fr\/\">sito ufficiale<\/a> dell&#8217;evento. Le classifiche degli yacht Maxi, Moderni e Tradizionali vengono aggiornate ogni giorno dopo le regate. Nell&#8217;edizione <g id=\"gid_1\">2023 delle Voiles de Saint-Tropez<\/g> si sono distinti yacht come <g id=\"gid_2\">Cannonball<\/g> nella classe Maxi A e <g id=\"gid_3\">Wallyno<\/g> nella classe Maxi C. <g id=\"gid_4\">L&#8217;edizione 2024<\/g>, che ha celebrato il 25\u00b0 anniversario dell&#8217;evento, ha visto vittorie di rilievo come quella di <g id=\"gid_5\">Jolt<\/g> nella classe Maxi A e del TP52 <g id=\"gid_6\">Nanoq<\/g>, timonato da Re Frederik di Danimarca, nella classe Modern. Il prestigioso Trofeo Rolex \u00e8 stato assegnato a <em>Marga<\/em>, una barca a vela del 1910.   <\/p>\n\n\n\n<h3 class=\"ls__heading wp-block-heading\">Che ne dici di iscriverti alla regata di Saint-Tropez?<\/h3>\n\n\n\n<p class=\"ls-paragraph\">Partecipare alle regate \u00e8 un sogno per molti. L&#8217;iscrizione \u00e8 gestita dalla <strong>SNST<\/strong> ed \u00e8 <strong>solo su invito<\/strong>. Il prestigio dell&#8217;evento \u00e8 tale che l&#8217;elenco dei partecipanti \u00e8 spesso completo con mesi di anticipo, a riprova della sua fama internazionale.  <\/p>\n\n\n\n<p class=\"ls-paragraph has-text-align-left\">Le <strong>Voiles de Saint-Tropez<\/strong> sono molto pi\u00f9 di una semplice competizione. \u00c8 un momento di condivisione, dove la passione per il mare incontra uno spirito di festa unico. Dopo le emozioni delle regate e il trambusto del porto, torna al comfort e alla tranquillit\u00e0 del tuo alloggio nel nostro <strong>campeggio La Rouill\u00e8re<\/strong>. Una base ideale per vivere ogni aspetto di questo evento. Non dimenticare di prenotare il tuo soggiorno per non perderti nulla.    <\/p>\n\n\n\n<p class=\"ls-paragraph\"><\/p>\n\n\n\n<p class=\"ls-paragraph\"><\/p>\n<\/div>\n<\/div>\n","protected":false},"excerpt":{"rendered":"<p>Les Voiles de Saint-Tropez: cosa rende unico questo evento? L&#8217;anima di questo evento deriva da una storia singolare. Tutto ebbe inizio nel settembre del 1981 con una sfida amichevole. Dick Jayson, sul suo Swan 44 Pride, e Jean Laurain, al timone del 12 metri JI Ikra, decisero di sfidarsi su un percorso improvvisato. Il punto [&hellip;]<\/p>\n","protected":false},"author":2,"featured_media":17751,"comment_status":"open","ping_status":"open","sticky":false,"template":"","format":"standard","meta":{"_acf_changed":false,"footnotes":""},"categories":[67],"tags":[],"sujet":[],"class_list":["post-18405","post","type-post","status-publish","format-standard","has-post-thumbnail","hentry","category-notizie"],"acf":[],"yoast_head":"<!-- This site is optimized with the Yoast SEO plugin v25.4 - https:\/\/yoast.com\/wordpress\/plugins\/seo\/ -->\n<title>Voiles de Saint-Tropez: Regate e festeggiamenti a Saint-Tropez<\/title>\n<meta name=\"description\" content=\"Vivi le Voiles de Saint-Tropez: regate leggendarie, intrattenimento a terra e un&#039;atmosfera festosa... a soli 14 minuti dal campeggio La Rouill\u00e8re.\" \/>\n<meta name=\"robots\" content=\"index, follow, max-snippet:-1, max-image-preview:large, max-video-preview:-1\" \/>\n<link rel=\"canonical\" href=\"https:\/\/www.camping-var-ramatuelle.com\/it\/notizie\/les-voiles-de-saint-tropez-un-evento-imperdibile\/\" \/>\n<meta property=\"og:locale\" content=\"it_IT\" \/>\n<meta property=\"og:type\" content=\"article\" \/>\n<meta property=\"og:title\" content=\"Voiles de Saint-Tropez: Regate e festeggiamenti a Saint-Tropez\" \/>\n<meta property=\"og:description\" content=\"Vivi le Voiles de Saint-Tropez: regate leggendarie, intrattenimento a terra e un&#039;atmosfera festosa... a soli 14 minuti dal campeggio La Rouill\u00e8re.\" \/>\n<meta property=\"og:url\" content=\"https:\/\/www.camping-var-ramatuelle.com\/it\/notizie\/les-voiles-de-saint-tropez-un-evento-imperdibile\/\" \/>\n<meta property=\"og:site_name\" content=\"Camping La Rouillere\" \/>\n<meta property=\"article:published_time\" content=\"2025-12-15T12:58:24+00:00\" \/>\n<meta property=\"og:image\" content=\"https:\/\/www.camping-var-ramatuelle.com\/wp-content\/uploads\/2025\/08\/Voiles-de-Saint-Tropez.webp\" \/>\n\t<meta property=\"og:image:width\" content=\"1280\" \/>\n\t<meta property=\"og:image:height\" content=\"853\" \/>\n\t<meta property=\"og:image:type\" content=\"image\/webp\" \/>\n<meta name=\"author\" content=\"Jerome Premiere Page\" \/>\n<meta name=\"twitter:card\" content=\"summary_large_image\" \/>\n<meta name=\"twitter:label1\" content=\"Scritto da\" \/>\n\t<meta name=\"twitter:data1\" content=\"Jerome Premiere Page\" \/>\n\t<meta name=\"twitter:label2\" content=\"Tempo di lettura stimato\" \/>\n\t<meta name=\"twitter:data2\" content=\"5 minuti\" \/>\n<script type=\"application\/ld+json\" class=\"yoast-schema-graph\">{\"@context\":\"https:\/\/schema.org\",\"@graph\":[{\"@type\":\"Article\",\"@id\":\"https:\/\/www.camping-var-ramatuelle.com\/it\/notizie\/les-voiles-de-saint-tropez-un-evento-imperdibile\/#article\",\"isPartOf\":{\"@id\":\"https:\/\/www.camping-var-ramatuelle.com\/it\/notizie\/les-voiles-de-saint-tropez-un-evento-imperdibile\/\"},\"author\":{\"name\":\"Jerome Premiere Page\",\"@id\":\"https:\/\/www.camping-var-ramatuelle.com\/it\/#\/schema\/person\/95d0c4c037bd59cbc83646e506b79b49\"},\"headline\":\"Les Voiles de Saint-Tropez: un evento imperdibile\",\"datePublished\":\"2025-12-15T12:58:24+00:00\",\"mainEntityOfPage\":{\"@id\":\"https:\/\/www.camping-var-ramatuelle.com\/it\/notizie\/les-voiles-de-saint-tropez-un-evento-imperdibile\/\"},\"wordCount\":951,\"commentCount\":0,\"publisher\":{\"@id\":\"https:\/\/www.camping-var-ramatuelle.com\/it\/#organization\"},\"image\":{\"@id\":\"https:\/\/www.camping-var-ramatuelle.com\/it\/notizie\/les-voiles-de-saint-tropez-un-evento-imperdibile\/#primaryimage\"},\"thumbnailUrl\":\"https:\/\/www.camping-var-ramatuelle.com\/wp-content\/uploads\/2025\/08\/Voiles-de-Saint-Tropez.webp\",\"articleSection\":[\"Notizie\"],\"inLanguage\":\"it-IT\",\"potentialAction\":[{\"@type\":\"CommentAction\",\"name\":\"Comment\",\"target\":[\"https:\/\/www.camping-var-ramatuelle.com\/it\/notizie\/les-voiles-de-saint-tropez-un-evento-imperdibile\/#respond\"]}]},{\"@type\":\"WebPage\",\"@id\":\"https:\/\/www.camping-var-ramatuelle.com\/it\/notizie\/les-voiles-de-saint-tropez-un-evento-imperdibile\/\",\"url\":\"https:\/\/www.camping-var-ramatuelle.com\/it\/notizie\/les-voiles-de-saint-tropez-un-evento-imperdibile\/\",\"name\":\"Voiles de Saint-Tropez: Regate e festeggiamenti a Saint-Tropez\",\"isPartOf\":{\"@id\":\"https:\/\/www.camping-var-ramatuelle.com\/it\/#website\"},\"primaryImageOfPage\":{\"@id\":\"https:\/\/www.camping-var-ramatuelle.com\/it\/notizie\/les-voiles-de-saint-tropez-un-evento-imperdibile\/#primaryimage\"},\"image\":{\"@id\":\"https:\/\/www.camping-var-ramatuelle.com\/it\/notizie\/les-voiles-de-saint-tropez-un-evento-imperdibile\/#primaryimage\"},\"thumbnailUrl\":\"https:\/\/www.camping-var-ramatuelle.com\/wp-content\/uploads\/2025\/08\/Voiles-de-Saint-Tropez.webp\",\"datePublished\":\"2025-12-15T12:58:24+00:00\",\"description\":\"Vivi le Voiles de Saint-Tropez: regate leggendarie, intrattenimento a terra e un'atmosfera festosa... a soli 14 minuti dal campeggio La Rouill\u00e8re.\",\"breadcrumb\":{\"@id\":\"https:\/\/www.camping-var-ramatuelle.com\/it\/notizie\/les-voiles-de-saint-tropez-un-evento-imperdibile\/#breadcrumb\"},\"inLanguage\":\"it-IT\",\"potentialAction\":[{\"@type\":\"ReadAction\",\"target\":[\"https:\/\/www.camping-var-ramatuelle.com\/it\/notizie\/les-voiles-de-saint-tropez-un-evento-imperdibile\/\"]}]},{\"@type\":\"ImageObject\",\"inLanguage\":\"it-IT\",\"@id\":\"https:\/\/www.camping-var-ramatuelle.com\/it\/notizie\/les-voiles-de-saint-tropez-un-evento-imperdibile\/#primaryimage\",\"url\":\"https:\/\/www.camping-var-ramatuelle.com\/wp-content\/uploads\/2025\/08\/Voiles-de-Saint-Tropez.webp\",\"contentUrl\":\"https:\/\/www.camping-var-ramatuelle.com\/wp-content\/uploads\/2025\/08\/Voiles-de-Saint-Tropez.webp\",\"width\":1280,\"height\":853,\"caption\":\"Voiles de Saint-Tropez\"},{\"@type\":\"BreadcrumbList\",\"@id\":\"https:\/\/www.camping-var-ramatuelle.com\/it\/notizie\/les-voiles-de-saint-tropez-un-evento-imperdibile\/#breadcrumb\",\"itemListElement\":[{\"@type\":\"ListItem\",\"position\":1,\"name\":\"Campeggio Ramatuelle\",\"item\":\"https:\/\/www.camping-var-ramatuelle.com\/it\/\"},{\"@type\":\"ListItem\",\"position\":2,\"name\":\"Le strade di Saint-Tropez\"}]},{\"@type\":\"WebSite\",\"@id\":\"https:\/\/www.camping-var-ramatuelle.com\/it\/#website\",\"url\":\"https:\/\/www.camping-var-ramatuelle.com\/it\/\",\"name\":\"Camping La Rouillere\",\"description\":\"\",\"publisher\":{\"@id\":\"https:\/\/www.camping-var-ramatuelle.com\/it\/#organization\"},\"potentialAction\":[{\"@type\":\"SearchAction\",\"target\":{\"@type\":\"EntryPoint\",\"urlTemplate\":\"https:\/\/www.camping-var-ramatuelle.com\/it\/?s={search_term_string}\"},\"query-input\":{\"@type\":\"PropertyValueSpecification\",\"valueRequired\":true,\"valueName\":\"search_term_string\"}}],\"inLanguage\":\"it-IT\"},{\"@type\":\"Organization\",\"@id\":\"https:\/\/www.camping-var-ramatuelle.com\/it\/#organization\",\"name\":\"Camping La Rouill\u00e8re\",\"url\":\"https:\/\/www.camping-var-ramatuelle.com\/it\/\",\"logo\":{\"@type\":\"ImageObject\",\"inLanguage\":\"it-IT\",\"@id\":\"https:\/\/www.camping-var-ramatuelle.com\/it\/#\/schema\/logo\/image\/\",\"url\":\"https:\/\/www.camping-var-ramatuelle.com\/wp-content\/uploads\/2022\/01\/logo-carte-rouillere.png\",\"contentUrl\":\"https:\/\/www.camping-var-ramatuelle.com\/wp-content\/uploads\/2022\/01\/logo-carte-rouillere.png\",\"width\":400,\"height\":400,\"caption\":\"Camping La Rouill\u00e8re\"},\"image\":{\"@id\":\"https:\/\/www.camping-var-ramatuelle.com\/it\/#\/schema\/logo\/image\/\"}},{\"@type\":\"Person\",\"@id\":\"https:\/\/www.camping-var-ramatuelle.com\/it\/#\/schema\/person\/95d0c4c037bd59cbc83646e506b79b49\",\"name\":\"Jerome Premiere Page\",\"image\":{\"@type\":\"ImageObject\",\"inLanguage\":\"it-IT\",\"@id\":\"https:\/\/www.camping-var-ramatuelle.com\/it\/#\/schema\/person\/image\/\",\"url\":\"https:\/\/secure.gravatar.com\/avatar\/3191d165b22f0bd779c015bdc1c6053f?s=96&d=mm&r=g\",\"contentUrl\":\"https:\/\/secure.gravatar.com\/avatar\/3191d165b22f0bd779c015bdc1c6053f?s=96&d=mm&r=g\",\"caption\":\"Jerome Premiere Page\"}}]}<\/script>\n<!-- \/ Yoast SEO plugin. -->","yoast_head_json":{"title":"Voiles de Saint-Tropez: Regate e festeggiamenti a Saint-Tropez","description":"Vivi le Voiles de Saint-Tropez: regate leggendarie, intrattenimento a terra e un'atmosfera festosa... a soli 14 minuti dal campeggio La Rouill\u00e8re.","robots":{"index":"index","follow":"follow","max-snippet":"max-snippet:-1","max-image-preview":"max-image-preview:large","max-video-preview":"max-video-preview:-1"},"canonical":"https:\/\/www.camping-var-ramatuelle.com\/it\/notizie\/les-voiles-de-saint-tropez-un-evento-imperdibile\/","og_locale":"it_IT","og_type":"article","og_title":"Voiles de Saint-Tropez: Regate e festeggiamenti a Saint-Tropez","og_description":"Vivi le Voiles de Saint-Tropez: regate leggendarie, intrattenimento a terra e un'atmosfera festosa... a soli 14 minuti dal campeggio La Rouill\u00e8re.","og_url":"https:\/\/www.camping-var-ramatuelle.com\/it\/notizie\/les-voiles-de-saint-tropez-un-evento-imperdibile\/","og_site_name":"Camping La Rouillere","article_published_time":"2025-12-15T12:58:24+00:00","og_image":[{"width":1280,"height":853,"url":"https:\/\/www.camping-var-ramatuelle.com\/wp-content\/uploads\/2025\/08\/Voiles-de-Saint-Tropez.webp","type":"image\/webp"}],"author":"Jerome Premiere Page","twitter_card":"summary_large_image","twitter_misc":{"Scritto da":"Jerome Premiere Page","Tempo di lettura stimato":"5 minuti"},"schema":{"@context":"https:\/\/schema.org","@graph":[{"@type":"Article","@id":"https:\/\/www.camping-var-ramatuelle.com\/it\/notizie\/les-voiles-de-saint-tropez-un-evento-imperdibile\/#article","isPartOf":{"@id":"https:\/\/www.camping-var-ramatuelle.com\/it\/notizie\/les-voiles-de-saint-tropez-un-evento-imperdibile\/"},"author":{"name":"Jerome Premiere Page","@id":"https:\/\/www.camping-var-ramatuelle.com\/it\/#\/schema\/person\/95d0c4c037bd59cbc83646e506b79b49"},"headline":"Les Voiles de Saint-Tropez: un evento imperdibile","datePublished":"2025-12-15T12:58:24+00:00","mainEntityOfPage":{"@id":"https:\/\/www.camping-var-ramatuelle.com\/it\/notizie\/les-voiles-de-saint-tropez-un-evento-imperdibile\/"},"wordCount":951,"commentCount":0,"publisher":{"@id":"https:\/\/www.camping-var-ramatuelle.com\/it\/#organization"},"image":{"@id":"https:\/\/www.camping-var-ramatuelle.com\/it\/notizie\/les-voiles-de-saint-tropez-un-evento-imperdibile\/#primaryimage"},"thumbnailUrl":"https:\/\/www.camping-var-ramatuelle.com\/wp-content\/uploads\/2025\/08\/Voiles-de-Saint-Tropez.webp","articleSection":["Notizie"],"inLanguage":"it-IT","potentialAction":[{"@type":"CommentAction","name":"Comment","target":["https:\/\/www.camping-var-ramatuelle.com\/it\/notizie\/les-voiles-de-saint-tropez-un-evento-imperdibile\/#respond"]}]},{"@type":"WebPage","@id":"https:\/\/www.camping-var-ramatuelle.com\/it\/notizie\/les-voiles-de-saint-tropez-un-evento-imperdibile\/","url":"https:\/\/www.camping-var-ramatuelle.com\/it\/notizie\/les-voiles-de-saint-tropez-un-evento-imperdibile\/","name":"Voiles de Saint-Tropez: Regate e festeggiamenti a Saint-Tropez","isPartOf":{"@id":"https:\/\/www.camping-var-ramatuelle.com\/it\/#website"},"primaryImageOfPage":{"@id":"https:\/\/www.camping-var-ramatuelle.com\/it\/notizie\/les-voiles-de-saint-tropez-un-evento-imperdibile\/#primaryimage"},"image":{"@id":"https:\/\/www.camping-var-ramatuelle.com\/it\/notizie\/les-voiles-de-saint-tropez-un-evento-imperdibile\/#primaryimage"},"thumbnailUrl":"https:\/\/www.camping-var-ramatuelle.com\/wp-content\/uploads\/2025\/08\/Voiles-de-Saint-Tropez.webp","datePublished":"2025-12-15T12:58:24+00:00","description":"Vivi le Voiles de Saint-Tropez: regate leggendarie, intrattenimento a terra e un'atmosfera festosa... a soli 14 minuti dal campeggio La Rouill\u00e8re.","breadcrumb":{"@id":"https:\/\/www.camping-var-ramatuelle.com\/it\/notizie\/les-voiles-de-saint-tropez-un-evento-imperdibile\/#breadcrumb"},"inLanguage":"it-IT","potentialAction":[{"@type":"ReadAction","target":["https:\/\/www.camping-var-ramatuelle.com\/it\/notizie\/les-voiles-de-saint-tropez-un-evento-imperdibile\/"]}]},{"@type":"ImageObject","inLanguage":"it-IT","@id":"https:\/\/www.camping-var-ramatuelle.com\/it\/notizie\/les-voiles-de-saint-tropez-un-evento-imperdibile\/#primaryimage","url":"https:\/\/www.camping-var-ramatuelle.com\/wp-content\/uploads\/2025\/08\/Voiles-de-Saint-Tropez.webp","contentUrl":"https:\/\/www.camping-var-ramatuelle.com\/wp-content\/uploads\/2025\/08\/Voiles-de-Saint-Tropez.webp","width":1280,"height":853,"caption":"Voiles de Saint-Tropez"},{"@type":"BreadcrumbList","@id":"https:\/\/www.camping-var-ramatuelle.com\/it\/notizie\/les-voiles-de-saint-tropez-un-evento-imperdibile\/#breadcrumb","itemListElement":[{"@type":"ListItem","position":1,"name":"Campeggio Ramatuelle","item":"https:\/\/www.camping-var-ramatuelle.com\/it\/"},{"@type":"ListItem","position":2,"name":"Le strade di Saint-Tropez"}]},{"@type":"WebSite","@id":"https:\/\/www.camping-var-ramatuelle.com\/it\/#website","url":"https:\/\/www.camping-var-ramatuelle.com\/it\/","name":"Camping La Rouillere","description":"","publisher":{"@id":"https:\/\/www.camping-var-ramatuelle.com\/it\/#organization"},"potentialAction":[{"@type":"SearchAction","target":{"@type":"EntryPoint","urlTemplate":"https:\/\/www.camping-var-ramatuelle.com\/it\/?s={search_term_string}"},"query-input":{"@type":"PropertyValueSpecification","valueRequired":true,"valueName":"search_term_string"}}],"inLanguage":"it-IT"},{"@type":"Organization","@id":"https:\/\/www.camping-var-ramatuelle.com\/it\/#organization","name":"Camping La Rouill\u00e8re","url":"https:\/\/www.camping-var-ramatuelle.com\/it\/","logo":{"@type":"ImageObject","inLanguage":"it-IT","@id":"https:\/\/www.camping-var-ramatuelle.com\/it\/#\/schema\/logo\/image\/","url":"https:\/\/www.camping-var-ramatuelle.com\/wp-content\/uploads\/2022\/01\/logo-carte-rouillere.png","contentUrl":"https:\/\/www.camping-var-ramatuelle.com\/wp-content\/uploads\/2022\/01\/logo-carte-rouillere.png","width":400,"height":400,"caption":"Camping La Rouill\u00e8re"},"image":{"@id":"https:\/\/www.camping-var-ramatuelle.com\/it\/#\/schema\/logo\/image\/"}},{"@type":"Person","@id":"https:\/\/www.camping-var-ramatuelle.com\/it\/#\/schema\/person\/95d0c4c037bd59cbc83646e506b79b49","name":"Jerome Premiere Page","image":{"@type":"ImageObject","inLanguage":"it-IT","@id":"https:\/\/www.camping-var-ramatuelle.com\/it\/#\/schema\/person\/image\/","url":"https:\/\/secure.gravatar.com\/avatar\/3191d165b22f0bd779c015bdc1c6053f?s=96&d=mm&r=g","contentUrl":"https:\/\/secure.gravatar.com\/avatar\/3191d165b22f0bd779c015bdc1c6053f?s=96&d=mm&r=g","caption":"Jerome Premiere Page"}}]}},"_links":{"self":[{"href":"https:\/\/www.camping-var-ramatuelle.com\/it\/wp-json\/wp\/v2\/posts\/18405"}],"collection":[{"href":"https:\/\/www.camping-var-ramatuelle.com\/it\/wp-json\/wp\/v2\/posts"}],"about":[{"href":"https:\/\/www.camping-var-ramatuelle.com\/it\/wp-json\/wp\/v2\/types\/post"}],"author":[{"embeddable":true,"href":"https:\/\/www.camping-var-ramatuelle.com\/it\/wp-json\/wp\/v2\/users\/2"}],"replies":[{"embeddable":true,"href":"https:\/\/www.camping-var-ramatuelle.com\/it\/wp-json\/wp\/v2\/comments?post=18405"}],"version-history":[{"count":1,"href":"https:\/\/www.camping-var-ramatuelle.com\/it\/wp-json\/wp\/v2\/posts\/18405\/revisions"}],"predecessor-version":[{"id":18406,"href":"https:\/\/www.camping-var-ramatuelle.com\/it\/wp-json\/wp\/v2\/posts\/18405\/revisions\/18406"}],"wp:featuredmedia":[{"embeddable":true,"href":"https:\/\/www.camping-var-ramatuelle.com\/it\/wp-json\/wp\/v2\/media\/17751"}],"wp:attachment":[{"href":"https:\/\/www.camping-var-ramatuelle.com\/it\/wp-json\/wp\/v2\/media?parent=18405"}],"wp:term":[{"taxonomy":"category","embeddable":true,"href":"https:\/\/www.camping-var-ramatuelle.com\/it\/wp-json\/wp\/v2\/categories?post=18405"},{"taxonomy":"post_tag","embeddable":true,"href":"https:\/\/www.camping-var-ramatuelle.com\/it\/wp-json\/wp\/v2\/tags?post=18405"},{"taxonomy":"sujet","embeddable":true,"href":"https:\/\/www.camping-var-ramatuelle.com\/it\/wp-json\/wp\/v2\/sujet?post=18405"}],"curies":[{"name":"wp","href":"https:\/\/api.w.org\/{rel}","templated":true}]}}